{"id":4010,"date":"2024-10-17T14:32:42","date_gmt":"2024-10-17T14:32:42","guid":{"rendered":"https:\/\/aroe.es\/?p=4010"},"modified":"2026-02-10T22:30:38","modified_gmt":"2026-02-10T22:30:38","slug":"ojea-y-lewin-arquitectura-escolar-en-galicia","status":"publish","type":"post","link":"https:\/\/aroe.es\/index.php\/2024\/10\/17\/ojea-y-lewin-arquitectura-escolar-en-galicia\/","title":{"rendered":"Ojea y Lewin"},"content":{"rendered":"<p>El estudio de arquitectura formado por la coru\u00f1esa Emma Ojea y el madrile\u00f1o Walter Lewin proyect\u00f3 varios edificios escolares en Galicia al comienzo de su trayectoria profesional, entre los a\u00f1os 1969 y 1975.<\/p>\n<p>Este libro explica el contexto sociocultural donde se desarrollan esas propuestas y pone de manifiesto las influencias e inquietudes del estudio sobre la arquitectura escolar.<\/p>\n<p>Escuelas infantiles, colegios, institutos, centros de formaci\u00f3n profesional y residencias universitarias se incluyen entre los primeros encargos que reciben al poco tiempo de titularse, con resultados innovadores que suponen una profunda reflexi\u00f3n acerca del sistema educativo del momento y la traducci\u00f3n de las nuevas teor\u00edas pedag\u00f3gicas al plano arquitect\u00f3nico, expresadas en todas las dimensiones del proyecto.<\/p>\n<p><a href=\"https:\/\/aroe.es\/wp-content\/uploads\/2024\/10\/Extracto_Ojea-y-Lewin.pdf\">Extracto del libro<\/a><\/p>\n<p><span style=\"color: #999999;\"><strong>Ojea y Lewin. Arquitectura escolar en Galicia<br \/>\n<\/strong>Antonio S. R\u00edo V\u00e1zquez (ed.)<\/span><br \/>\n<span style=\"color: #999999;\">Aroe, 2024. 144 p., il. b. y n. ; 17 x 24 cm. Texto en espa\u00f1ol. ISBN: 978-84-129229-0-5<\/span><br \/>\n<span style=\"color: #999999;\"><strong>Textos:<\/strong> Luis Miguel Lus-Arana, Luc\u00eda C. P\u00e9rez Moreno, Daniel Fern\u00e1ndez Posada, Isabel Dur\u00e1 G\u00farpide, In\u00e9s Fombella Coto, Cristina Prado Acebo, Antonio S. R\u00edo V\u00e1zquez, Estefan\u00eda V\u00e1zquez M\u00fcller, Roi Feijoo Rey, Emma Ojea y Walter Lewin<\/span><\/p>\n<p><img loading=\"lazy\" decoding=\"async\" class=\"aligncenter size-full wp-image-5291\" src=\"https:\/\/aroe.es\/wp-content\/uploads\/2024\/10\/OL01-scaled.jpg\" alt=\"\" width=\"2560\" height=\"1807\" srcset=\"https:\/\/aroe.es\/wp-content\/uploads\/2024\/10\/OL01-scaled.jpg 2560w, https:\/\/aroe.es\/wp-content\/uploads\/2024\/10\/OL01-300x212.jpg 300w, https:\/\/aroe.es\/wp-content\/uploads\/2024\/10\/OL01-1024x723.jpg 1024w, https:\/\/aroe.es\/wp-content\/uploads\/2024\/10\/OL01-768x542.jpg 768w, https:\/\/aroe.es\/wp-content\/uploads\/2024\/10\/OL01-1536x1084.jpg 1536w, https:\/\/aroe.es\/wp-content\/uploads\/2024\/10\/OL01-2048x1446.jpg 2048w, https:\/\/aroe.es\/wp-content\/uploads\/2024\/10\/OL01-1080x762.jpg 1080w\" sizes=\"auto, (max-width: 2560px) 100vw, 2560px\" \/><\/p>\n<p><img loading=\"lazy\" decoding=\"async\" class=\"aligncenter size-full wp-image-5292\" src=\"https:\/\/aroe.es\/wp-content\/uploads\/2024\/10\/OL02-scaled.jpg\" alt=\"\" width=\"2560\" height=\"1807\" srcset=\"https:\/\/aroe.es\/wp-content\/uploads\/2024\/10\/OL02-scaled.jpg 2560w, https:\/\/aroe.es\/wp-content\/uploads\/2024\/10\/OL02-300x212.jpg 300w, https:\/\/aroe.es\/wp-content\/uploads\/2024\/10\/OL02-1024x723.jpg 1024w, https:\/\/aroe.es\/wp-content\/uploads\/2024\/10\/OL02-768x542.jpg 768w, https:\/\/aroe.es\/wp-content\/uploads\/2024\/10\/OL02-1536x1084.jpg 1536w, https:\/\/aroe.es\/wp-content\/uploads\/2024\/10\/OL02-2048x1446.jpg 2048w, https:\/\/aroe.es\/wp-content\/uploads\/2024\/10\/OL02-1080x762.jpg 1080w\" sizes=\"auto, (max-width: 2560px) 100vw, 2560px\" \/><\/p>\n<p><img loading=\"lazy\" decoding=\"async\" class=\"aligncenter size-full wp-image-5293\" src=\"https:\/\/aroe.es\/wp-content\/uploads\/2024\/10\/OL03-scaled.jpg\" alt=\"\" width=\"2560\" height=\"1807\" srcset=\"https:\/\/aroe.es\/wp-content\/uploads\/2024\/10\/OL03-scaled.jpg 2560w, https:\/\/aroe.es\/wp-content\/uploads\/2024\/10\/OL03-300x212.jpg 300w, https:\/\/aroe.es\/wp-content\/uploads\/2024\/10\/OL03-1024x723.jpg 1024w, https:\/\/aroe.es\/wp-content\/uploads\/2024\/10\/OL03-768x542.jpg 768w, https:\/\/aroe.es\/wp-content\/uploads\/2024\/10\/OL03-1536x1084.jpg 1536w, https:\/\/aroe.es\/wp-content\/uploads\/2024\/10\/OL03-2048x1446.jpg 2048w, https:\/\/aroe.es\/wp-content\/uploads\/2024\/10\/OL03-1080x762.jpg 1080w\" sizes=\"auto, (max-width: 2560px) 100vw, 2560px\" \/><\/p>\n","protected":false},"excerpt":{"rendered":"<p>El estudio de arquitectura formado por la coru\u00f1esa Emma Ojea y el madrile\u00f1o Walter Lewin proyect\u00f3 varios edificios escolares en Galicia al comienzo de su trayectoria profesional, entre los a\u00f1os 1969 y 1975. Este libro explica el contexto sociocultural donde se desarrollan esas propuestas y pone de manifiesto las influencias e inquietudes del estudio sobre&hellip;<\/p>\n","protected":false},"author":1,"featured_media":4011,"comment_status":"closed","ping_status":"open","sticky":false,"template":"","format":"standard","meta":{"footnotes":""},"categories":[25],"tags":[],"class_list":["post-4010","post","type-post","status-publish","format-standard","has-post-thumbnail","hentry","category-ediciones"],"_links":{"self":[{"href":"https:\/\/aroe.es\/index.php\/wp-json\/wp\/v2\/posts\/4010","targetHints":{"allow":["GET"]}}],"collection":[{"href":"https:\/\/aroe.es\/index.php\/wp-json\/wp\/v2\/posts"}],"about":[{"href":"https:\/\/aroe.es\/index.php\/wp-json\/wp\/v2\/types\/post"}],"author":[{"embeddable":true,"href":"https:\/\/aroe.es\/index.php\/wp-json\/wp\/v2\/users\/1"}],"replies":[{"embeddable":true,"href":"https:\/\/aroe.es\/index.php\/wp-json\/wp\/v2\/comments?post=4010"}],"version-history":[{"count":8,"href":"https:\/\/aroe.es\/index.php\/wp-json\/wp\/v2\/posts\/4010\/revisions"}],"predecessor-version":[{"id":5294,"href":"https:\/\/aroe.es\/index.php\/wp-json\/wp\/v2\/posts\/4010\/revisions\/5294"}],"wp:featuredmedia":[{"embeddable":true,"href":"https:\/\/aroe.es\/index.php\/wp-json\/wp\/v2\/media\/4011"}],"wp:attachment":[{"href":"https:\/\/aroe.es\/index.php\/wp-json\/wp\/v2\/media?parent=4010"}],"wp:term":[{"taxonomy":"category","embeddable":true,"href":"https:\/\/aroe.es\/index.php\/wp-json\/wp\/v2\/categories?post=4010"},{"taxonomy":"post_tag","embeddable":true,"href":"https:\/\/aroe.es\/index.php\/wp-json\/wp\/v2\/tags?post=4010"}],"curies":[{"name":"wp","href":"https:\/\/api.w.org\/{rel}","templated":true}]}}